{"id":1897,"date":"2014-03-29T23:17:47","date_gmt":"2014-03-29T21:17:47","guid":{"rendered":"http:\/\/knoetchen.de\/?p=1897"},"modified":"2014-03-29T23:17:47","modified_gmt":"2014-03-29T21:17:47","slug":"garten-2014","status":"publish","type":"post","link":"https:\/\/knoetchen.de\/?p=1897","title":{"rendered":"Garten 2014"},"content":{"rendered":"<p>Falls ihr es noch nicht bemerkt habt:<br \/>\nEs ist Gartensaison.<\/p>\n<p>Wir waren schon einige Male in diesem Jahr im Garten. Das Wetter ist sehr spannend derzeit &#8211; wir hatten schon fast so etwas wie Sommergef\u00fchle und sind leicht bekleidet (wir sprechen nicht von T-Shirt sondern von wirklich sehr leicht bekleidet ^^) und barfu\u00df \u00fcbers Gras gelaufen, Annika durfte schon einen Tag auf der Wiese Mittagsruhe halten, angegrillt haben wir selbstredend auch schon &#8211; unterm Sonnenschirm, weil die Sonne so stark war und ich keine Sonnencreme da hatte.<\/p>\n<p>Im Garten ist schon einiges passiert:<br \/>\nMbH hat ein Kinderbett gebaut. Eine Ma\u00dfanfertigung f\u00fcr unser mikroskopisch kleines Kinderzimmer. Es fehlt jetzt nur noch ein Lattenrost und die Matratze, dann gibt&#8217;s auch Bilder. <\/p>\n<p>Ich habe mich zun\u00e4chst den Reste meiner Schnittaktion im Herbst zugewendet, da lag doch noch einiges an \u00c4sten, die geh\u00e4ckselt werden wollten. H\u00e4ckseln hat auch gut geklappt, die B\u00e4ume haben nun jede Menge Mulch.<\/p>\n<p>Dar\u00fcber hinaus habe ich einen weiteren Hasel-SChnitt durchgef\u00fchrt &#8211; bzw. ich habe zu Ende gebracht, wozu ich im Herbst keine Zeit\/Lust\/kA mehr hatte. Der neue Asthaufen ist allerdings noch nicht geh\u00e4ckselt.<\/p>\n<p>Weiterhin habe ich eine gro\u00dfangelegte Search-And-Destroy-Aktion f\u00fcr wilde Brombeeren gestartet. Wobei sich der &#8222;Destroy&#8220;-Teil im wesentlichen auf das sehr tiefe Abschneiden der Ranken beschr\u00e4nkt hat. Ich w\u00fcrde die Wurzeln auch gern rausrei\u00dfen, dazu m\u00fcsste ich jedoch das Grundst\u00fcck roden. Ich m\u00f6chte aber, vom Aufwand , der getrieben werden m\u00fcsste, meine Rotbuche (Alter 60-70 Jahre) und die Birke (15-25 Jahre) nicht rausmachen. Nein! Die Lebensb\u00e4ume w\u00fcrde ich dem hehren Ziel gern opfern, nur bringt es nichts, wenn sich die Brombeeren trotzdem in den Wurzeln der anderen beiden verstecken k\u00f6nnen. Egal. Jedenfalls sind s\u00e4mtliche Brombeerranken, die ich sichten konnte, jetzt erstmal weg.<\/p>\n<p>Eine unser ehemaligen Wassertonnen habe ich vorerst als Lager f\u00fcr die Brombeerranken genommen, bis ich die in den n\u00e4chsten Wochen dann h\u00e4cksle.<\/p>\n<p>Ansonsten hat die Buchs-Hecke ihren ersten Schnitt bekommen. <\/p>\n<p>Und wir bauen gerade an einem Spielturm, den wir im vergangenen Herbst zum Schn\u00e4ppchenpreis bekommen haben.<\/p>\n","protected":false},"excerpt":{"rendered":"<p>Falls ihr es noch nicht bemerkt habt: Es ist Gartensaison. Wir waren schon einige Male in diesem Jahr im Garten. Das Wetter ist sehr spannend derzeit &#8211; wir hatten schon fast so etwas wie Sommergef\u00fchle und sind leicht bekleidet (wir sprechen nicht von T-Shirt sondern von wirklich sehr leicht bekleidet ^^) und barfu\u00df \u00fcbers Gras [&hellip;]<\/p>\n","protected":false},"author":2,"featured_media":0,"comment_status":"open","ping_status":"open","sticky":false,"template":"","format":"standard","meta":[],"categories":[8],"tags":[],"_links":{"self":[{"href":"https:\/\/knoetchen.de\/index.php?rest_route=\/wp\/v2\/posts\/1897"}],"collection":[{"href":"https:\/\/knoetchen.de\/index.php?rest_route=\/wp\/v2\/posts"}],"about":[{"href":"https:\/\/knoetchen.de\/index.php?rest_route=\/wp\/v2\/types\/post"}],"author":[{"embeddable":true,"href":"https:\/\/knoetchen.de\/index.php?rest_route=\/wp\/v2\/users\/2"}],"replies":[{"embeddable":true,"href":"https:\/\/knoetchen.de\/index.php?rest_route=%2Fwp%2Fv2%2Fcomments&post=1897"}],"version-history":[{"count":1,"href":"https:\/\/knoetchen.de\/index.php?rest_route=\/wp\/v2\/posts\/1897\/revisions"}],"predecessor-version":[{"id":1898,"href":"https:\/\/knoetchen.de\/index.php?rest_route=\/wp\/v2\/posts\/1897\/revisions\/1898"}],"wp:attachment":[{"href":"https:\/\/knoetchen.de\/index.php?rest_route=%2Fwp%2Fv2%2Fmedia&parent=1897"}],"wp:term":[{"taxonomy":"category","embeddable":true,"href":"https:\/\/knoetchen.de\/index.php?rest_route=%2Fwp%2Fv2%2Fcategories&post=1897"},{"taxonomy":"post_tag","embeddable":true,"href":"https:\/\/knoetchen.de\/index.php?rest_route=%2Fwp%2Fv2%2Ftags&post=1897"}],"curies":[{"name":"wp","href":"https:\/\/api.w.org\/{rel}","templated":true}]}}