{"id":1889,"date":"2014-02-25T12:51:41","date_gmt":"2014-02-25T10:51:41","guid":{"rendered":"http:\/\/knoetchen.de\/?p=1889"},"modified":"2014-02-25T12:52:43","modified_gmt":"2014-02-25T10:52:43","slug":"balkonien-2014","status":"publish","type":"post","link":"https:\/\/knoetchen.de\/?p=1889","title":{"rendered":"Balkonien 2014"},"content":{"rendered":"<p>Dieses Jahr wird&#8217;s bunt gr\u00fcn auf unserem Balkon. Also, gr\u00fcner als ohnehin schon.<br \/>\nAngesichts der Tatsache, dass 10 Kita-Stunden f\u00fcr die Kleine enorm schlauchend sind und wir abends irgendwo zwischen 0,0 und 0,5 Stunden gemeinsame Zeit haben, f\u00e4llt meine eigentliche Idee &#8211; Garten unter der Woche besuchen &#8211; wohl erstmal aus. <\/p>\n<p>Trotzdem soll die Kleine schon auch was sch\u00f6nes hier zu Hause haben und nicht immer nur im Kindergarten die spannenden Dinge erleben. Deswegen geht hier ab sofort das gro\u00dfe Balkonpflanzen los.<\/p>\n<p>Heute habe ich schonmal die alten Pflanzen vom Vorjahr, die offenkundig eingegangen waren, abger\u00e4umt. Die K\u00e4sten sind somit zu 80% leer, es stehen noch ein paar Petersilienst\u00e4ngel, zwei-drei Schmuckpflanzen, bei denen ich Hoffnung habe sowie zwei Rudel Blumenzwiebeln (ich glaube, das waren Hyazinthen) die aus irgendeinem Grund austreiben. Dazwischen ist Platz f\u00fcr allerlei. <\/p>\n<p>Ein Kasten &#8211; der in dem letztes Jahr die Amseln waren &#8211; ist wieder f\u00fcr Krautige, bunte Pflanzen reserviert, die aufgrund ihrer Gr\u00f6\u00dfe eigentlich nicht in den Balkonkasten geh\u00f6ren, in den zweiten kommen Erdbeerpflanzen, und der dritte wird mit Pfefferminze, Stevia (die sonnige Lage ist perfekt, ich muss nur mal \u00fcber den Wasserbedarf nachlesen), Salbei, Lavendel und wenn noch Platz ist, was buntem, bl\u00fchenden eingerichtet. Von meiner Seite ist weiterhin ein &#8222;Pflanzregal&#8220; in Kinderh\u00f6he geplant, in dem wir Kresse, Radieschen Ringelblumen und (Kirsch-)Tomaten ansetzen werden. Vielleicht, wenn der Sommer sch\u00f6n warm wird, wandert auch eine Chilipflanze auf den Balkon, andernfalls muss sie wohl drinnen hinter Glas bleiben.<\/p>\n<p>Auch noch angedacht, wenn auch noch nicht endg\u00fcltig, ist ein Himbeerstr\u00e4uchleinchenchenchen im K\u00fcbel. Aber daf\u00fcr muss ich zun\u00e4chst mal den Platz schaffen \ud83d\ude09<\/p>\n","protected":false},"excerpt":{"rendered":"<p>Dieses Jahr wird&#8217;s bunt gr\u00fcn auf unserem Balkon. Also, gr\u00fcner als ohnehin schon. Angesichts der Tatsache, dass 10 Kita-Stunden f\u00fcr die Kleine enorm schlauchend sind und wir abends irgendwo zwischen 0,0 und 0,5 Stunden gemeinsame Zeit haben, f\u00e4llt meine eigentliche Idee &#8211; Garten unter der Woche besuchen &#8211; wohl erstmal aus. Trotzdem soll die Kleine [&hellip;]<\/p>\n","protected":false},"author":2,"featured_media":0,"comment_status":"open","ping_status":"open","sticky":false,"template":"","format":"standard","meta":[],"categories":[8],"tags":[],"_links":{"self":[{"href":"https:\/\/knoetchen.de\/index.php?rest_route=\/wp\/v2\/posts\/1889"}],"collection":[{"href":"https:\/\/knoetchen.de\/index.php?rest_route=\/wp\/v2\/posts"}],"about":[{"href":"https:\/\/knoetchen.de\/index.php?rest_route=\/wp\/v2\/types\/post"}],"author":[{"embeddable":true,"href":"https:\/\/knoetchen.de\/index.php?rest_route=\/wp\/v2\/users\/2"}],"replies":[{"embeddable":true,"href":"https:\/\/knoetchen.de\/index.php?rest_route=%2Fwp%2Fv2%2Fcomments&post=1889"}],"version-history":[{"count":2,"href":"https:\/\/knoetchen.de\/index.php?rest_route=\/wp\/v2\/posts\/1889\/revisions"}],"predecessor-version":[{"id":1891,"href":"https:\/\/knoetchen.de\/index.php?rest_route=\/wp\/v2\/posts\/1889\/revisions\/1891"}],"wp:attachment":[{"href":"https:\/\/knoetchen.de\/index.php?rest_route=%2Fwp%2Fv2%2Fmedia&parent=1889"}],"wp:term":[{"taxonomy":"category","embeddable":true,"href":"https:\/\/knoetchen.de\/index.php?rest_route=%2Fwp%2Fv2%2Fcategories&post=1889"},{"taxonomy":"post_tag","embeddable":true,"href":"https:\/\/knoetchen.de\/index.php?rest_route=%2Fwp%2Fv2%2Ftags&post=1889"}],"curies":[{"name":"wp","href":"https:\/\/api.w.org\/{rel}","templated":true}]}}