{"id":1686,"date":"2013-02-01T15:00:22","date_gmt":"2013-02-01T13:00:22","guid":{"rendered":"http:\/\/knoetchen.de\/?p=1686"},"modified":"2013-01-30T23:46:47","modified_gmt":"2013-01-30T21:46:47","slug":"columbia-10-years-after","status":"publish","type":"post","link":"https:\/\/knoetchen.de\/?p=1686","title":{"rendered":"Columbia &#8211; 10 years after"},"content":{"rendered":"<p><img decoding=\"async\" class=\"aligncenter\" src=\"http:\/\/img571.imageshack.us\/img571\/8242\/285pxspaceshuttlecolumb.jpg\" alt=\"\" border=\"0\" \/><\/p>\n<p style=\"text-align: center;\">Es gibt in einem Leben immer Ereignisse, an die man sich besonders lebhaft zur\u00fcck erinnert. Zentrale Daten, die f\u00fcr einen pers\u00f6nlich irgendwie wichtig sind. Aber auch Daten, die f\u00fcr viele Menschen irgendwie wichtig sind. Eine Art kollektive Erinnerung.<br \/>\nDer 11. September 2001 ist das Musterbeispiel f\u00fcr diese kollektive Erinnerung. Der Tag, an dem verirrte Wahnsinnige im Namen eines Gottes Flugzeuge in ein hohes Haus jagen. Wtf?! Auf jeden Fall findet sich in der westlichen Welt (ich behaupte k\u00fchn, dass sich z.B. im Herzen Afrikas die Leute herzlich wenig daf\u00fcr interessiert haben) vermutlich kaum jemanden, der diesen Tag erlebt und heute nicht mehr wei\u00df, was er getan hat, als die T\u00fcrme fielen.<br \/>\nWas sie am 12. September 2001 getan haben, wissen hingegen wohl die wenigsten von uns ganz genau. Ich \u00fcbrigens auch nicht.<br \/>\nAber genug von den Angriffen auf die USA, wie der Titel schon sagt, ist heute Jahrestag des Columbia-Absturzes. Ihr wisst schon, die Sache mit dem Hitzeschild, der besch\u00e4digt war und beim Wiedereintritt zum Bersten der F\u00e4hre f\u00fchrte. Tod aller Insassen inbegriffen. Auf jeden Fall ist das auch so ein Tag, f\u00fcr mich. Der Tag, an dem man Jahre sp\u00e4ter noch genau wei\u00df, was man getan hat. Keine Ahnung, ob das auch so ein Kollektiv-Erinnerungstag ist, denn letztlich muss man ja zugeben, dass dieses Ungl\u00fcck die gesellschaftliche Tragweite des WTC-Angriffs wohl eher nicht erreicht hat und auch, dass die Raumfahrt zur damaligen wie zur heutigen Zeit immer noch mitunter lebensgef\u00e4hrliche Pionierarbeit ist, bei dem kleine Fehler zu Katastrophen f\u00fchren k\u00f6nnen. Das wissen ja auch alle Beteiligten und sogar die NASA hatte es schon damals begriffen, auch wenn es hierzu des Absturz der Challenger bedurfte (Ein Ungl\u00fcck, dass mich pers\u00f6nlich weit weniger ber\u00fchrt, weil ich nicht wirklich &#8222;dabei&#8220; war, geistig, mit meinen f\u00fcnf Jahren &#8211; aber habt ihr mal die Videoaufnahmen davon gesehen? Wie unverfroren die Kameras auf die geschockten Angeh\u00f6rigen und Beobachter drauf h\u00e4lt? Das ist wirklich unglaublich..)<\/p>\n<p style=\"text-align: center;\"><em style=\"color: #333333; line-height: 24px;\">Das Foto (Start der Columbia beim Jungfernflug 1981) ist zwar urheberrechtlich nicht gesch\u00fctzt, ich verweise jedoch gern auf\u00a0<a href=\"http:\/\/en.wikipedia.org\/wiki\/Space_Shuttle_Columbia\">Wikipedia<\/a>, wo ich es auch gefunden habe.\u00a0<\/em><\/p>\n","protected":false},"excerpt":{"rendered":"<p>Es gibt in einem Leben immer Ereignisse, an die man sich besonders lebhaft zur\u00fcck erinnert. Zentrale Daten, die f\u00fcr einen pers\u00f6nlich irgendwie wichtig sind. Aber auch Daten, die f\u00fcr viele Menschen irgendwie wichtig sind. Eine Art kollektive Erinnerung. Der 11. September 2001 ist das Musterbeispiel f\u00fcr diese kollektive Erinnerung. Der Tag, an dem verirrte Wahnsinnige [&hellip;]<\/p>\n","protected":false},"author":2,"featured_media":0,"comment_status":"open","ping_status":"open","sticky":false,"template":"","format":"standard","meta":[],"categories":[3],"tags":[],"_links":{"self":[{"href":"https:\/\/knoetchen.de\/index.php?rest_route=\/wp\/v2\/posts\/1686"}],"collection":[{"href":"https:\/\/knoetchen.de\/index.php?rest_route=\/wp\/v2\/posts"}],"about":[{"href":"https:\/\/knoetchen.de\/index.php?rest_route=\/wp\/v2\/types\/post"}],"author":[{"embeddable":true,"href":"https:\/\/knoetchen.de\/index.php?rest_route=\/wp\/v2\/users\/2"}],"replies":[{"embeddable":true,"href":"https:\/\/knoetchen.de\/index.php?rest_route=%2Fwp%2Fv2%2Fcomments&post=1686"}],"version-history":[{"count":6,"href":"https:\/\/knoetchen.de\/index.php?rest_route=\/wp\/v2\/posts\/1686\/revisions"}],"predecessor-version":[{"id":1688,"href":"https:\/\/knoetchen.de\/index.php?rest_route=\/wp\/v2\/posts\/1686\/revisions\/1688"}],"wp:attachment":[{"href":"https:\/\/knoetchen.de\/index.php?rest_route=%2Fwp%2Fv2%2Fmedia&parent=1686"}],"wp:term":[{"taxonomy":"category","embeddable":true,"href":"https:\/\/knoetchen.de\/index.php?rest_route=%2Fwp%2Fv2%2Fcategories&post=1686"},{"taxonomy":"post_tag","embeddable":true,"href":"https:\/\/knoetchen.de\/index.php?rest_route=%2Fwp%2Fv2%2Ftags&post=1686"}],"curies":[{"name":"wp","href":"https:\/\/api.w.org\/{rel}","templated":true}]}}