{"id":1663,"date":"2012-12-29T23:19:45","date_gmt":"2012-12-29T21:19:45","guid":{"rendered":"http:\/\/knoetchen.de\/?p=1663"},"modified":"2012-12-29T23:38:33","modified_gmt":"2012-12-29T21:38:33","slug":"2012-finale-o-hoh","status":"publish","type":"post","link":"https:\/\/knoetchen.de\/?p=1663","title":{"rendered":"2012 &#8211; Finale, O-Ho!"},"content":{"rendered":"<p>Die letzten Tage im Jahr. Immer ein Grund, zur\u00fcck zu blicken. Die Jahresr\u00fcckblicke im TV h\u00e4ufen sich (also, fr\u00fcher taten sie das &#8211; ich nehme nicht an, dass sich zwischenzeitlich daran etwas ge\u00e4ndert hat), die ganze Welt scheint zwischen den Jahren im kollektiven Shoppingwahn zu versinken, die Kinder haben immer noch ihre \u00dcberdosis Zucker und Geschenke von Weihnachten intus, sind mangels schulischer und\/oder Kindergartenaktivit\u00e4ten unausgelastet und drehen teilweise komplett frei wohingegen einige Erwachsene leicht verkrampft versuchen, die mutma\u00dflich gute Weihnachtsstimmung mit ins neue Jahr zu nehmen.<\/p>\n<p>Zum 31.12. hin kommt dann auch diese merkw\u00fcrdige Stimmung auf.<br \/>\nEtwas endet und ist dann endg\u00fcltig vorbei. Ein weiteres Jahr in der Kette derer, die wir erleben d\u00fcrfen. Haben wir es erfolgreich genutzt? Sind wir vorangekommen? Oder haben uns die R\u00e4der des Alltags \u00fcberrollt? Gleichzeitig ist das neue Jahr schon zum Greifen nah. Ein neuer Anfang. Einer von vielen. Da ist diese Vorfreude. Wie wird sich das Leben entwickeln, was werde ich erleben? Werde ich mich ein wenig im Strom der Zeit treiben lassen oder habe ich die Z\u00fcgel fest in der Hand? Wo sehe ich mich am Ende des neuen Jahres?<br \/>\nIhr merkt, ich liebe die Zeit zwischen den Jahren, ich mag diese Stimmung, diese Mischung aus Abschied und Neubeginn. Das ist auch einer der Gr\u00fcnde, warum ich in diesen Tagen gern arbeite. Freiwillig (leider ist mir das in diesem Jahr nicht verg\u00f6nnt, Kita-Schlie\u00dfzeit sei Dank &#8211; aber wird schon irgendwann wieder). Morgens mit einer Handvoll Menschen in der Bahn zu sitzen verst\u00e4rkt das Gef\u00fchl einfach noch. Das ist gro\u00dfartig und absurd gleichzeitig, denn immerhin sind es ja doch nur einige  &#8211; mehr oder minder zuf\u00e4llige &#8211; Tage im Kalender.<\/p>\n<p><strong>Gut, seis drum, mein ganz pers\u00f6nlicher Jahres-R\u00fcckblick, ganz ohne Fragebogen und Co.<\/strong><\/p>\n<p>Zun\u00e4chst ein Abriss dessen, was wir im letzten Jahr erreicht haben:<br \/>\n&#8211; Wir haben halbwegs regelm\u00e4\u00dfig den Gang in den Garten gewagt. Das ist eine deutliche Verbesserung angesichts der Vorjahre.<br \/>\n&#8211; Die Gartenterrasse ist fertig geworden. Inklusive Begr\u00fcnung. Ein Riesenprojekt, vor dem ich zum Jahresbeginn einen Heidenrespekt hatte.<br \/>\n&#8211; Im Gartenhaus ist auch einiges geworden. Die Innenverkleidung und Elektroinstallation der Werkstatt ist komplett, der Rest ist auch weitgehend erledigt (75%)<br \/>\n&#8211; der Dachboden wie auch der Keller wurden komplett aufger\u00e4umt und entm\u00fcllt. Somit haben wir die Basis geschaffen, auch endlich in der Wohnung selbst mehr Luft zum Atmen zu haben.<br \/>\n&#8211; Den ersten Schritt in der Wohnungsumgestaltung haben wir ebenfalls gewagt. Der Umbau des Wohnzimmers hat uns wochenlang mit Arbeit versorgt (an dieser Stelle m\u00f6chte ich insbesondere auch die gro\u00dfartige Arbeit meines Liebsten erw\u00e4hnen, der weder Schwei\u00df noch M\u00fchen gescheut hat, um diesen Fu\u00dfboden abzuschleifen!) und ich untertreibe nicht, wenn ich sage, das dieses Projekt uns auch in der ersten H\u00e4lfte des neuen Jahres treu begleiten wird, bevor wir endg\u00fcltig zum Abschluss kommen.<br \/>\n&#8211; Nicht zu verachten sind der Kita-Start des j\u00fcngsten Familienmitglieds als auch mein Wiedereintritt in die Reihen der werkt\u00e4tigen Bev\u00f6lkerung.<br \/>\n&#8211; Wir haben unser neues Auto gekauft. Das erste, f\u00fcr das wir ernsthaft bezahlt haben (wobei man zugeben muss, dass es weniger war, als man auf dem freien Markt daf\u00fcr h\u00e4tte l\u00f6hnen m\u00fcssen &#8211; Ein dickes Danke an dieser Stelle an Familie T. aus Altenhagen)<\/p>\n<p>Es gibt auch einiges , was nicht ganz so lief, wie geplant:<br \/>\n&#8211; Die Kellerwerkstatt ist leider noch nicht vollst\u00e4ndig einsetzbar.<br \/>\n&#8211; Eigentlich wollte ich das Gartenhaus noch streichen, dies wurde jedoch wegen akuten Zeitmangels aufgeschoben.<br \/>\n&#8211; Ebenfalls eine offene Baustelle im Garten ist die Abdichtung der Fenster. Die war vor Wintereinbruch vorgesehen und ist dann irgendwie untergegangen.<br \/>\n&#8211; Das Entr\u00fcmpeln ging in der Wohnung nicht so schnell voran, wie geplant. Eine ziemliche Ger\u00fcmpelecke ist noch das Schlafzimmer. Es gibt allerdings noch Hoffnung, denn das Jahr hat ja bekanntlich noch zwei Tage.<br \/>\n&#8211; Was pers\u00f6nliches. Ich hatte, gerade jetzt im Herbst\/Winter viel zu wenig Bewegung. Das h\u00e4tte ich gern anders gehabt, war aber irgendwie nicht drin.<\/p>\n<p>Insgesamt bin ich mit diesem Jahr ganz zufrieden, da auf der Erledigt-Seite doch etliche Gro\u00dfprojekte stehen, an deren Verwirklichung ich zum Jahreswechsel nur sehr bedingt geglaubt habe. Etwas mehr w\u00e4re trotzdem sch\u00f6n gewesen, anderseits ist das Leben ja daf\u00fcr bekannt, kein Ponyhof zu sein.<\/p>\n<p>Pl\u00e4ne f\u00fcr 2013 gibt es auch schon, wie weit wir mit der Umsetzung kommen, werden wir sehen.<\/p>\n","protected":false},"excerpt":{"rendered":"<p>Die letzten Tage im Jahr. Immer ein Grund, zur\u00fcck zu blicken. Die Jahresr\u00fcckblicke im TV h\u00e4ufen sich (also, fr\u00fcher taten sie das &#8211; ich nehme nicht an, dass sich zwischenzeitlich daran etwas ge\u00e4ndert hat), die ganze Welt scheint zwischen den Jahren im kollektiven Shoppingwahn zu versinken, die Kinder haben immer noch ihre \u00dcberdosis Zucker und [&hellip;]<\/p>\n","protected":false},"author":2,"featured_media":0,"comment_status":"open","ping_status":"open","sticky":false,"template":"","format":"standard","meta":[],"categories":[3],"tags":[],"_links":{"self":[{"href":"https:\/\/knoetchen.de\/index.php?rest_route=\/wp\/v2\/posts\/1663"}],"collection":[{"href":"https:\/\/knoetchen.de\/index.php?rest_route=\/wp\/v2\/posts"}],"about":[{"href":"https:\/\/knoetchen.de\/index.php?rest_route=\/wp\/v2\/types\/post"}],"author":[{"embeddable":true,"href":"https:\/\/knoetchen.de\/index.php?rest_route=\/wp\/v2\/users\/2"}],"replies":[{"embeddable":true,"href":"https:\/\/knoetchen.de\/index.php?rest_route=%2Fwp%2Fv2%2Fcomments&post=1663"}],"version-history":[{"count":5,"href":"https:\/\/knoetchen.de\/index.php?rest_route=\/wp\/v2\/posts\/1663\/revisions"}],"predecessor-version":[{"id":1668,"href":"https:\/\/knoetchen.de\/index.php?rest_route=\/wp\/v2\/posts\/1663\/revisions\/1668"}],"wp:attachment":[{"href":"https:\/\/knoetchen.de\/index.php?rest_route=%2Fwp%2Fv2%2Fmedia&parent=1663"}],"wp:term":[{"taxonomy":"category","embeddable":true,"href":"https:\/\/knoetchen.de\/index.php?rest_route=%2Fwp%2Fv2%2Fcategories&post=1663"},{"taxonomy":"post_tag","embeddable":true,"href":"https:\/\/knoetchen.de\/index.php?rest_route=%2Fwp%2Fv2%2Ftags&post=1663"}],"curies":[{"name":"wp","href":"https:\/\/api.w.org\/{rel}","templated":true}]}}