{"id":1428,"date":"2012-09-13T20:32:57","date_gmt":"2012-09-13T18:32:57","guid":{"rendered":"http:\/\/knoetchen.de\/?p=1428"},"modified":"2012-09-13T20:32:57","modified_gmt":"2012-09-13T18:32:57","slug":"latente-minderwertigkeitskomplexe","status":"publish","type":"post","link":"https:\/\/knoetchen.de\/?p=1428","title":{"rendered":"Latente Minderwertigkeitskomplexe"},"content":{"rendered":"<p>Ich habe jetzt wieder Kollegen. Endlich mal ein anderes Thema.<\/p>\n<p>Also, wir sitzen im B\u00fcro in &#8222;Tischgruppen&#8220; zusammen. Immer vier Leute. In meiner Tischgruppe sitzen neben mir noch meine Kollegin Maria, dann Henna und Alex. Alex und Henna sind die Assis der Abteilung, unterst\u00fctzen alles und jeden, \u00fcberwachen die Klassenkasse (gro\u00dfer Tresor, in dem regelm\u00e4\u00dfig einige Tausend Euro lagern sowie &#8211; viel wichtiger &#8211; die Schiffszertifikate; wer die hat, dem geh\u00f6ren die Kutter) und sind auch sonst f\u00fcr alles Organisatorische zust\u00e4ndig. Maria hat im Prinzip den gleich Job wie ich. Sie ist Buchhalterin. Und nebenher Muddi eines 2,5j\u00e4hrigen Jungen. Was uns unterscheidet ist, dass sie Vollzeit arbeitet und ich nur 30 Stunden.<\/p>\n<p>Maria ist ein bi\u00dfchen merkw\u00fcrdig. Ich kann es nicht begr\u00fcnden kann, denn sie ist &#8211; an und f\u00fcr sich &#8211; freundlich, aufgeschlossen, wissbegierig. Also nett. Aber sie hat etwas an sich, das ist komisch. Ich kann mit ihr \u00fcberhaupt nichts anfangen. Vielleicht legt sich das noch, wir sind ja beide &#8222;neu&#8220;, man muss sich ja immer erst einmal einarbeiten. Ma nwei\u00df es nicht.<br \/>\nAuf jeden Fall ist es so, dass Maria anscheinend latent einige mittelgro\u00dfe Minderwertigkeitskomlexe mit sich herumtr\u00e4gt. Zwei davon habe ich bereits gefunden.<br \/>\n<!--more--><\/p>\n<p>Gestern so, wir kamen aus unerfindlichen Gr\u00fcnden aufs Thema Schulabschluss und Ausbildung und so (Henna muss so 22 sein und Maria w\u00fcrde ich optisch auf Ende 20 sch\u00e4tzen, nach dem was sie so erz\u00e4hlt ist sie aber wahrscheinlich erst Mitte 20 &#8211; Rauchen macht alt.)<\/p>\n<p><strong>Henna: <\/strong>&#8222;Ja ich bin ja dann direkt nach dem Abitur zum Steuerberater gegangen, jetzt bin ich Steuerfachangestellter und das hier ist mein erster Job nach der Ausbildung.&#8220;<br \/>\n<strong>Maria: <\/strong>&#8220; Ach, du hast Abitur?&#8220;<br \/>\n<strong>Henna: <\/strong>&#8222;Ja, klar.&#8220;<br \/>\n<strong>Ich: <\/strong>&#8222;Die meisten Steuerfachangestellten haben doch Abi, ich ja auch.&#8220;<br \/>\n<strong>Maria: <\/strong>&#8222;Oah, ich hab nur Realschule gemacht. Das hat f\u00fcr mich so gut gepasst. Da konnte ich fr\u00fch Kinder bekommen. Jetzt bin ich ja voll dumm f\u00fcr euch.&#8220;<br \/>\n<strong>Ich: <\/strong>&#8222;?!?!&#8220;<br \/>\n<strong>Henna: <\/strong>&#8222;Ach Quatsch.&#8220;<br \/>\n<strong>Ich <\/strong>(nachdem ich meine Gesichtsz\u00fcge wieder eingesammelt habe) &#8222;Das ist doch egal. F\u00fcr mein Abi kann ich mir hier doch auch nichts kaufen..&#8220;<br \/>\n<strong>Henna: <\/strong>&#8222;Genau.&#8220;<br \/>\n<strong>Maria: <\/strong>&#8222;&#8230;&#8220;<\/p>\n<p>Mal abgesehen davon, dass der Schulabschluss bei unserer Arbeit nun nicht wirklich was aussagt, man kann sich nat\u00fcrlich auch selbst in die &#8222;Ich bin dumm&#8220;-Ecke stellen, wenn man es dort sch\u00f6n findet. Die gute Nachricht f\u00fcr mich war ja, dass Henna genauso bl\u00f6d geguckt hat, wie ich \ud83d\ude09<\/p>\n<p>&#8212;&#8212;&#8212;&#8212;<br \/>\nHeute dann der vorl\u00e4ufige H\u00f6hepunkt. Ich bin n\u00e4mlich bei Maria sowas von ins Fettn\u00e4pfchen getreten..<\/p>\n<p>Es ging um ihren Sohn. <\/p>\n<p><strong>Maria:<\/strong> &#8222;(&#8230;) er spricht ja erst Zwei-Wort-S\u00e4tze.&#8220;<br \/>\n<strong>Ich:<\/strong> &#8222;<del datetime=\"2012-09-13T17:46:53+00:00\">Hmm, hab ich das richtig verstanden? <\/del>Zwei-Wort-S\u00e4tze? Mit Zweieinhalb? Wow.&#8220;<br \/>\n<strong>Maria:<\/strong> &#8222;Ja.&#8220;<br \/>\n<strong>Ich: <\/strong>&#8222;Naja, ist ja nicht schlimm,&#8230;&#8220;<br \/>\n<strong>Maria: <\/strong>*zickenterrorstimmeraushol* &#8222;Ja, nat\u00fcrlich ist es nicht schlimm! Und wenn er erst mit drei Jahren erst sprechen lernt w\u00e4re es auch nicht schlimm!&#8220;<br \/>\n<strong>Ich:<\/strong> &#8222;<del datetime=\"2012-09-13T17:46:53+00:00\">\u00c4hh.. was willst du von mir, Frau?!<\/del> Entschuldigung! <del datetime=\"2012-09-13T17:46:53+00:00\">Ich hab es doch nicht so gemeint. Ich habe \u00fcberhaupt nichts gemeint, ich habe einfach nur bemerkt, dass mir das eher sp\u00e4t erscheint. Und \u00fcberhaupt hast du doch von dem Thema angefangen?!<\/del>&#8220;<br \/>\n<strong>Maria: <\/strong>&#8222;&#8230;!&#8220;<br \/>\n<strong>Ich: <\/strong>&#8222;&#8230;!&#8220;<\/p>\n<p>Ich mein, mal im Ernst. Vielleicht bin ich verw\u00f6hnt, was das Sprechen angeht (Die Kleine erkl\u00e4rte gestern Abend beim Malen: &#8222;Annika malt eine Wolke.&#8220; Und kurz darauf beim n\u00e4chsten Bild: &#8222;Annika malt eine Sonne.&#8220;). Okee. Von mir aus. Aber ehrlich, es ist f\u00fcr meine Begriffe eher ungew\u00f6hnlich, dass ein 2,5j\u00e4hriger nur Zwei-Wort-S\u00e4tze spricht. Es ist aber kein Beinbruch, zumindest f\u00fcr mich nicht. Wenn sie ein Problem damit hat, dass ihr Kind ein Late-Talker ist, dann sollte sie vielleicht einfach nicht mit dem Thema anfangen.<\/p>\n","protected":false},"excerpt":{"rendered":"<p>Ich habe jetzt wieder Kollegen. Endlich mal ein anderes Thema. Also, wir sitzen im B\u00fcro in &#8222;Tischgruppen&#8220; zusammen. Immer vier Leute. In meiner Tischgruppe sitzen neben mir noch meine Kollegin Maria, dann Henna und Alex. Alex und Henna sind die Assis der Abteilung, unterst\u00fctzen alles und jeden, \u00fcberwachen die Klassenkasse (gro\u00dfer Tresor, in dem regelm\u00e4\u00dfig [&hellip;]<\/p>\n","protected":false},"author":2,"featured_media":0,"comment_status":"open","ping_status":"open","sticky":false,"template":"","format":"standard","meta":[],"categories":[74,10,58],"tags":[],"_links":{"self":[{"href":"https:\/\/knoetchen.de\/index.php?rest_route=\/wp\/v2\/posts\/1428"}],"collection":[{"href":"https:\/\/knoetchen.de\/index.php?rest_route=\/wp\/v2\/posts"}],"about":[{"href":"https:\/\/knoetchen.de\/index.php?rest_route=\/wp\/v2\/types\/post"}],"author":[{"embeddable":true,"href":"https:\/\/knoetchen.de\/index.php?rest_route=\/wp\/v2\/users\/2"}],"replies":[{"embeddable":true,"href":"https:\/\/knoetchen.de\/index.php?rest_route=%2Fwp%2Fv2%2Fcomments&post=1428"}],"version-history":[{"count":3,"href":"https:\/\/knoetchen.de\/index.php?rest_route=\/wp\/v2\/posts\/1428\/revisions"}],"predecessor-version":[{"id":1431,"href":"https:\/\/knoetchen.de\/index.php?rest_route=\/wp\/v2\/posts\/1428\/revisions\/1431"}],"wp:attachment":[{"href":"https:\/\/knoetchen.de\/index.php?rest_route=%2Fwp%2Fv2%2Fmedia&parent=1428"}],"wp:term":[{"taxonomy":"category","embeddable":true,"href":"https:\/\/knoetchen.de\/index.php?rest_route=%2Fwp%2Fv2%2Fcategories&post=1428"},{"taxonomy":"post_tag","embeddable":true,"href":"https:\/\/knoetchen.de\/index.php?rest_route=%2Fwp%2Fv2%2Ftags&post=1428"}],"curies":[{"name":"wp","href":"https:\/\/api.w.org\/{rel}","templated":true}]}}