{"id":1415,"date":"2012-09-10T21:38:20","date_gmt":"2012-09-10T19:38:20","guid":{"rendered":"http:\/\/knoetchen.de\/?p=1415"},"modified":"2012-09-10T21:51:34","modified_gmt":"2012-09-10T19:51:34","slug":"ich-glaub-ich-hor-nicht-recht","status":"publish","type":"post","link":"https:\/\/knoetchen.de\/?p=1415","title":{"rendered":"Ich glaub&#8216;, ich h\u00f6r&#8216; nicht recht.."},"content":{"rendered":"<p>Die Kinderg\u00e4rtnerin hat etwas entdeckt.<br \/>\nDas Kind h\u00f6rt manchmal einfach nicht!<br \/>\nSie verstehe insbesondere leise Ansprache nicht und reagiere erschreckt, wenn man sie anstupst.<br \/>\nDeswegen munkelt es nun, dass im Kindergarten vermutet wird, sie sei schwerh\u00f6rig.<\/p>\n<p>Nunja.<br \/>\nIch behaupte ja, mein Kind ist einfach eine kleine Tr\u00e4umerin und ist dann einfach komplett in sich versunken, wenn sie &#8222;nicht h\u00f6rt&#8220;. <\/p>\n<p>Vielleicht hat sie auch eine Art Reiz\u00fcberflutung von den vielen Ger\u00e4uschen im Kindergarten. W\u00fcrde mich jedenfalls nicht wundern, ich hab das n\u00e4mlich auch, wenn ich da bin (einer der Gr\u00fcnde, warum ich NIE Kinderg\u00e4rtnerin werden k\u00f6nnte.) Ich bekomme die Ger\u00e4uschkulisse nicht hinreichend gefiltert und bin ehrlich froh, wenn ich nach den 5 Minuten Kind-Abgeben wieder drau\u00dfen bin. Die eineinhalb Wochen Eingew\u00f6hnung, in denen ich komplett dabei war, waren f\u00fcr mich sehr belastend. Deswegen war ich auch durchaus dankbar, dass Basti den Eltern-Kind-Ausflug am vergangenen Freitag allein bestritten hat.<\/p>\n<p>Bei mir h\u00f6rt sie in der Regel (wenn sie nicht will, dann nat\u00fcrlich nicht. Klar. :D), auch wenn ich sie leise anspreche. Sie plappert auch wie ein Wasserfall, \u00fcbt sich in Drei- und Vier-Worts\u00e4tzen, macht erste Ans\u00e4tze f\u00fcr Grammatik. Daher sehe ich keine Anhaltspunkte f\u00fcr eine Schwerh\u00f6rigkeit. Sie geht offen auf andere zu, quasselt die auch voll und macht nicht den Eindruck, irgendwie aufgrund mangelnder akustischer (oder irgendeiner anderen) Wahrnehmung vorsichtiger, zur\u00fcckhaltender oder sonstiges zu sein, was ja bei echter Schwerh\u00f6rigkeit oft anzutreffen ist.<\/p>\n<p>Dar\u00fcber hinaus ist es nat\u00fcrlich m\u00f6glich, dass sie aufgrund der zahllosen Infekte, seit sie in den Kindergarten gekommen ist, und den verstopften Nebenh\u00f6hlen (Mein Kind s\u00e4gt im Moment nachts ganze Urw\u00e4lder zu Zahnstochern *st\u00f6hn*) schonmal ein wenig schlechter h\u00f6rt. F\u00fcr ein paar Tage. Au\u00dferdem haben wir ja bald U7, da werde ich dem Arzt diese Vermutung mal unter die Nase reiben. Sicher ist sicher.<\/p>\n<p>Aber sonst.. ich denke, mein Kind h\u00f6rt normal. Wirklich.<\/p>\n","protected":false},"excerpt":{"rendered":"<p>Die Kinderg\u00e4rtnerin hat etwas entdeckt. Das Kind h\u00f6rt manchmal einfach nicht! Sie verstehe insbesondere leise Ansprache nicht und reagiere erschreckt, wenn man sie anstupst. Deswegen munkelt es nun, dass im Kindergarten vermutet wird, sie sei schwerh\u00f6rig. Nunja. Ich behaupte ja, mein Kind ist einfach eine kleine Tr\u00e4umerin und ist dann einfach komplett in sich versunken, [&hellip;]<\/p>\n","protected":false},"author":2,"featured_media":0,"comment_status":"open","ping_status":"open","sticky":false,"template":"","format":"standard","meta":[],"categories":[44],"tags":[],"_links":{"self":[{"href":"https:\/\/knoetchen.de\/index.php?rest_route=\/wp\/v2\/posts\/1415"}],"collection":[{"href":"https:\/\/knoetchen.de\/index.php?rest_route=\/wp\/v2\/posts"}],"about":[{"href":"https:\/\/knoetchen.de\/index.php?rest_route=\/wp\/v2\/types\/post"}],"author":[{"embeddable":true,"href":"https:\/\/knoetchen.de\/index.php?rest_route=\/wp\/v2\/users\/2"}],"replies":[{"embeddable":true,"href":"https:\/\/knoetchen.de\/index.php?rest_route=%2Fwp%2Fv2%2Fcomments&post=1415"}],"version-history":[{"count":2,"href":"https:\/\/knoetchen.de\/index.php?rest_route=\/wp\/v2\/posts\/1415\/revisions"}],"predecessor-version":[{"id":1417,"href":"https:\/\/knoetchen.de\/index.php?rest_route=\/wp\/v2\/posts\/1415\/revisions\/1417"}],"wp:attachment":[{"href":"https:\/\/knoetchen.de\/index.php?rest_route=%2Fwp%2Fv2%2Fmedia&parent=1415"}],"wp:term":[{"taxonomy":"category","embeddable":true,"href":"https:\/\/knoetchen.de\/index.php?rest_route=%2Fwp%2Fv2%2Fcategories&post=1415"},{"taxonomy":"post_tag","embeddable":true,"href":"https:\/\/knoetchen.de\/index.php?rest_route=%2Fwp%2Fv2%2Ftags&post=1415"}],"curies":[{"name":"wp","href":"https:\/\/api.w.org\/{rel}","templated":true}]}}