{"id":1127,"date":"2012-06-12T13:12:07","date_gmt":"2012-06-12T11:12:07","guid":{"rendered":"http:\/\/knoetchen.de\/?p=1127"},"modified":"2012-06-12T13:23:45","modified_gmt":"2012-06-12T11:23:45","slug":"erdbeer-quark","status":"publish","type":"post","link":"https:\/\/knoetchen.de\/?p=1127","title":{"rendered":"Erdbeer&#8230;quark!"},"content":{"rendered":"<p>Gestern auf dem Spielplatz gab es Erdbeeren f\u00fcr alle! Eine Mutter hatte eine gro\u00dfe Sch\u00fcssel mitgebracht und erkl\u00e4rt, ihre Verwandtschaft habe amWochenende ein Vielfaches davon im Alten Land gepfl\u00fcckt und bei ihr abgeladen..<\/p>\n<p>Die Erdbeeren waren ziemlich lecker und f\u00fcr die derzeitige Wetterlage auch recht s\u00fc\u00df. Ich habe noch ein wenig mit den Kids im Sand gespielt (keine Angst, ich mutiere nicht zur Vorzeigemuddi, ich habe nur selbst auch Spa\u00df in der Sandkiste. Ich k\u00f6nnte stundenlang darin w\u00fchlen ^^), w\u00e4hrend die anderen Muttis miteinander quatschten:<\/p>\n<p><strong>Muddi 1: <\/strong>&#8222;Boah! Das sind die leckersten Erdbeeren die ich je gegessen habe! Die sind so s\u00fc\u00df, die muss man ja nicht mal zuckern&#8230;&#8220;<br \/>\n<strong>Ich: <\/strong>&#8222;<del datetime=\"2012-06-12T10:45:39+00:00\">Also, ich wei\u00df ja nicht, was du sonst so f\u00fcr Erdbeeren isst &#8211; aber ganz ehrlich, etwas Zucker k\u00f6nnten die hier schon noch vertragen&#8230;<\/del>&#8220;<br \/>\n<strong>Muddi 1: <\/strong>&#8222;Dagegen sind die Erdbeeren von Penny echt gar nichts..&#8220;<br \/>\n<strong>Ich: <\/strong>&#8222;<del datetime=\"2012-06-12T10:45:39+00:00\">Ach nee?<\/del>&#8220;<br \/>\n<strong>Muddi 1:<\/strong> &#8222;Was haben die denn gekostet?&#8220;<br \/>\n<strong>Muddi 2: <\/strong>&#8222;Meine Verwandten meinten, 3 Euro pro Kilo..&#8220;<br \/>\n<strong>Muddi 1: <\/strong>&#8222;Boah! Nur drei Euro? Das ist ja richtig g\u00fcnstig!&#8220;<br \/>\n<strong>Ich: <\/strong>&#8222;<del datetime=\"2012-06-12T10:45:39+00:00\">H\u00e4h? Schonmal den Preisverfall bei Erdbeeren in den letzten zwei Wochen beobachtet? Selbst Lidl hat sich anscheinend aus dem Erdbeergesch\u00e4ft zur\u00fcck gezogen, weil es zu ruin\u00f6s geworden ist (die verkauften letzen Freitag 500g zu 69 Cent!!)<\/del>&#8220;<br \/>\n<strong>Muddi 1: <\/strong>&#8222;Letzte Woche habe ich auf dem Wochenmarkt, da habe ich f\u00fcr 250g drei Euro bezahlt&#8230;&#8220;<br \/>\n<strong>Ich: <\/strong>&#8222;<del datetime=\"2012-06-12T10:45:39+00:00\">Also, ich war letzte Woche auch auf dem Wochenmarkt und da gab es 500g Erdbeeren zu 1,40 EUR. Entweder du erz\u00e4hlst Mist oder du hast Himbeeren gekauft..<\/del>&#8220;<br \/>\n<strong>Muddi 1: <\/strong>&#8222;&#8230; und die vom Erdbeerhof Glantz, die sind nichtmal s\u00fc\u00df und kosten 5,90 EUR pro Kilo!!&#8220;<br \/>\n<strong>Ich: <\/strong>&#8222;<del datetime=\"2012-06-12T10:45:39+00:00\">Also letzten Freitag hast du Erdbeeren von uns gekostet und die als s\u00fc\u00df bezeichnet.. die waren \u00fcbrigens von Glantz..<\/del>&#8220;<\/p>\n<p>Ich bin \u00fcbrigens bedeutend besser geworden, was meinen neutralen Gesichtsausdruck angeht \ud83d\ude09<\/p>\n<p>Sp\u00e4ter dann&#8230;<\/p>\n<p><strong>Muddi 3: <\/strong>&#8222;Ich muss unbedingt ins Alte Land fahren und Erdbeeren pfl\u00fccken, die sind SO lecker!! Und die fahren da mit Bussen aufs Feld, so gro\u00df ist das!&#8220;<br \/>\n<strong>Muddi 1: <\/strong>&#8222;Ich auch! Am besten gleich morgen nachmittag, dann ist der T. bei der Oma. Mit dem kann man da eh nicht hingehen, der ist SO schlimm in letzter Zeit..&#8220;<br \/>\n<em>(Anmerkung: Der Junge ist ein ganz friedlicher, aber er will halt ab und an mal Aufmerksamkeit und l\u00e4sst Muddi dann nicht auf der Bank sitzen und mit anderen plaudern. Er ist 2 1\/4.)<\/em><br \/>\n<strong>Ich: <\/strong>&#8222;<del datetime=\"2012-06-12T10:45:39+00:00\">Stimmt, deine Schwiegereltern waren ja die letzten drei Wochen in der T\u00fcrkei, da hattest du keine nachmitt\u00e4glichen Freizeiten. \ud83d\ude09<\/del> &#8220;<br \/>\n<strong>Muddi 3: <\/strong>&#8222;Aber du kannst ihn doch mitnehmen, Eimer in die Hand und dann kann er auch pfl\u00fccken.&#8220;<br \/>\n<strong>Muddi 1: <\/strong>&#8222;Nee, das geht nicht. Der l\u00e4uft doch weg, den finde ich nie wieder&#8230;&#8220;<br \/>\n<strong>Ich: <\/strong>&#8222;<del datetime=\"2012-06-12T10:45:39+00:00\">Nicht wieder finden. Auf einem Erdbeerfeld *rofl* <\/del>&#8220;<br \/>\n<strong>Muddi 3: <\/strong>&#8222;<em>Muddi 2<\/em>, du kommst doch auch mit?&#8220;<br \/>\n<strong>Muddi 2: <\/strong>&#8222;Ich muss da arbeiten? Und eigentlich hab ich auch keine Lust..&#8220;<br \/>\n<strong>Muddi 3: <\/strong>&#8222;Hmm..*zu mir* Und was ist mit euch?&#8220;<br \/>\n<strong>Ich: <\/strong>&#8222;Nee danke.&#8220;<\/p>\n<p>Achja, ich hab heute mal Erdbeeren gekauft, beim Erdbeerhof Glantz. 1,5 Kilo f\u00fcr 5,90 EUR. Frisch gepfl\u00fcckt von heute morgen. Und dann habe ich nachgedacht. Das sind pro Kilo knapp 4 Euro. Will hei\u00dfen, 1 Euro mehr als selbst gepfl\u00fcckte. Und f\u00fcr diesen Euro fahre ich 30km ins Alte Land (Fahrtkosten HVV f\u00fcr ne Tageskarte im Gro\u00dfbereich 5,60 EUR, Spritkosten k.A.) und zur\u00fcck um mich dann mit dem Eimer aufs Feld zu setzen. Wieviele Eimer soll ich denn da sammeln, um das wieder rauszuholen?! Wenn ich da in der N\u00e4he(!) wohne oder zuf\u00e4llig vorbei fahre, okeee, kann man machen. Aber extra nur daf\u00fcr hinjuckeln? Macht das wirklich Sinn?<\/p>\n","protected":false},"excerpt":{"rendered":"<p>Gestern auf dem Spielplatz gab es Erdbeeren f\u00fcr alle! Eine Mutter hatte eine gro\u00dfe Sch\u00fcssel mitgebracht und erkl\u00e4rt, ihre Verwandtschaft habe amWochenende ein Vielfaches davon im Alten Land gepfl\u00fcckt und bei ihr abgeladen.. Die Erdbeeren waren ziemlich lecker und f\u00fcr die derzeitige Wetterlage auch recht s\u00fc\u00df. Ich habe noch ein wenig mit den Kids im [&hellip;]<\/p>\n","protected":false},"author":2,"featured_media":0,"comment_status":"open","ping_status":"open","sticky":false,"template":"","format":"standard","meta":[],"categories":[3,58,19],"tags":[],"_links":{"self":[{"href":"https:\/\/knoetchen.de\/index.php?rest_route=\/wp\/v2\/posts\/1127"}],"collection":[{"href":"https:\/\/knoetchen.de\/index.php?rest_route=\/wp\/v2\/posts"}],"about":[{"href":"https:\/\/knoetchen.de\/index.php?rest_route=\/wp\/v2\/types\/post"}],"author":[{"embeddable":true,"href":"https:\/\/knoetchen.de\/index.php?rest_route=\/wp\/v2\/users\/2"}],"replies":[{"embeddable":true,"href":"https:\/\/knoetchen.de\/index.php?rest_route=%2Fwp%2Fv2%2Fcomments&post=1127"}],"version-history":[{"count":7,"href":"https:\/\/knoetchen.de\/index.php?rest_route=\/wp\/v2\/posts\/1127\/revisions"}],"predecessor-version":[{"id":1134,"href":"https:\/\/knoetchen.de\/index.php?rest_route=\/wp\/v2\/posts\/1127\/revisions\/1134"}],"wp:attachment":[{"href":"https:\/\/knoetchen.de\/index.php?rest_route=%2Fwp%2Fv2%2Fmedia&parent=1127"}],"wp:term":[{"taxonomy":"category","embeddable":true,"href":"https:\/\/knoetchen.de\/index.php?rest_route=%2Fwp%2Fv2%2Fcategories&post=1127"},{"taxonomy":"post_tag","embeddable":true,"href":"https:\/\/knoetchen.de\/index.php?rest_route=%2Fwp%2Fv2%2Ftags&post=1127"}],"curies":[{"name":"wp","href":"https:\/\/api.w.org\/{rel}","templated":true}]}}