{"id":1113,"date":"2012-06-09T23:01:01","date_gmt":"2012-06-09T21:01:01","guid":{"rendered":"http:\/\/knoetchen.de\/?p=1113"},"modified":"2012-06-09T23:11:35","modified_gmt":"2012-06-09T21:11:35","slug":"kleiner-hinweis-in-eigener-sache","status":"publish","type":"post","link":"https:\/\/knoetchen.de\/?p=1113","title":{"rendered":"Kleiner Hinweis in eigener Sache&#8230;"},"content":{"rendered":"<p>Ich habe lange nachgedacht. Wegen dem N\u00e4hen.<\/p>\n<p>Also, ich habe &#8211; was mich \u00fcberrascht hat &#8211; einen gewissen Spa\u00df daran gefunden. Ich finde, das N\u00e4hen ist ein nettes Hobby und es hat mit dem endlosen Geb\u00fcgle und Nahtauftennen und wieder zusammensetzen schon etwas von Zen. Gleichzeitig f\u00f6rdert es auch die F\u00e4higkeit, mit Misserfolgen umzugehen, es ist also eine ganz private kleine Psychotherapie.<\/p>\n<p>Ich w\u00fcrde auch gern etwas dazu schreiben, so grunds\u00e4tzlich, ohne das hier gleich in ein Handarbeitsblog umzuwandeln. Deswegen m\u00f6chte ich nicht gro\u00dfartig Bilder von N\u00e4hergebnissen, Stoffk\u00e4ufen und sonstigem hier auff\u00fchren, denn ich finde, das passt hier nicht her. DIY ist sch\u00f6n und gut, aber ich mag es nicht st\u00e4ndig jedem aufs Butterbrot schmieren. Deswegen findet der Kreis der Interessierten oben beim Header nun <a href=\"https:\/\/knoetchen.de\/?page_id=1108\">eine Seite<\/a> mit einer kleinen Liste der aktuell laufenden und geplanten Projekte. Bilder dazu gibt es, wenn ich es f\u00fcr interessant halte (wer will schon ein Nadelkissen angucken? \ud83d\ude09 ), oder Bedarf besteht (bitte Bescheid sagen ^^) in den Kommentaren zur Seite, genauso wie Links und Hinweise zu den eventuell genutzten Pattern.<\/p>\n<p>Dar\u00fcber hinaus habe ich auch daran gedacht, dass ich, sollte diese Besch\u00e4ftigung sich regelm\u00e4\u00dfig einspielen, ein kleines Side-Blog aufzumachen. Aber bis dahin ist noch einiges an Wasser die Elbe hinuntergelaufen (und ich bin ja ab September auch wieder in Lohn und Brot, so dass sich mein Zeitfenster f\u00fcr solche Aktivit\u00e4ten vielleicht auch noch einmal verschiebt &#8211; wobei&#8230; ich hab ja keinen Fernseher mehr, der mir die Zeit klauen k\u00f6nnte \ud83d\ude00 ) und darum harre ich jetzt erst einmal der Dinge, die da noch kommen.<\/p>\n<p>P.S. Die Karawane der LKWs f\u00e4hrt gerade hupend durch die Hauptstra\u00dfe.. Deutschland ist Europameister!!&#8230; Ach nee, doch noch nicht \ud83d\ude09<\/p>\n","protected":false},"excerpt":{"rendered":"<p>Ich habe lange nachgedacht. Wegen dem N\u00e4hen. Also, ich habe &#8211; was mich \u00fcberrascht hat &#8211; einen gewissen Spa\u00df daran gefunden. Ich finde, das N\u00e4hen ist ein nettes Hobby und es hat mit dem endlosen Geb\u00fcgle und Nahtauftennen und wieder zusammensetzen schon etwas von Zen. Gleichzeitig f\u00f6rdert es auch die F\u00e4higkeit, mit Misserfolgen umzugehen, es [&hellip;]<\/p>\n","protected":false},"author":2,"featured_media":0,"comment_status":"open","ping_status":"open","sticky":false,"template":"","format":"standard","meta":[],"categories":[1],"tags":[],"_links":{"self":[{"href":"https:\/\/knoetchen.de\/index.php?rest_route=\/wp\/v2\/posts\/1113"}],"collection":[{"href":"https:\/\/knoetchen.de\/index.php?rest_route=\/wp\/v2\/posts"}],"about":[{"href":"https:\/\/knoetchen.de\/index.php?rest_route=\/wp\/v2\/types\/post"}],"author":[{"embeddable":true,"href":"https:\/\/knoetchen.de\/index.php?rest_route=\/wp\/v2\/users\/2"}],"replies":[{"embeddable":true,"href":"https:\/\/knoetchen.de\/index.php?rest_route=%2Fwp%2Fv2%2Fcomments&post=1113"}],"version-history":[{"count":6,"href":"https:\/\/knoetchen.de\/index.php?rest_route=\/wp\/v2\/posts\/1113\/revisions"}],"predecessor-version":[{"id":1119,"href":"https:\/\/knoetchen.de\/index.php?rest_route=\/wp\/v2\/posts\/1113\/revisions\/1119"}],"wp:attachment":[{"href":"https:\/\/knoetchen.de\/index.php?rest_route=%2Fwp%2Fv2%2Fmedia&parent=1113"}],"wp:term":[{"taxonomy":"category","embeddable":true,"href":"https:\/\/knoetchen.de\/index.php?rest_route=%2Fwp%2Fv2%2Fcategories&post=1113"},{"taxonomy":"post_tag","embeddable":true,"href":"https:\/\/knoetchen.de\/index.php?rest_route=%2Fwp%2Fv2%2Ftags&post=1113"}],"curies":[{"name":"wp","href":"https:\/\/api.w.org\/{rel}","templated":true}]}}