{"id":1072,"date":"2012-06-02T11:26:15","date_gmt":"2012-06-02T09:26:15","guid":{"rendered":"http:\/\/knoetchen.de\/?p=1072"},"modified":"2012-06-02T12:35:52","modified_gmt":"2012-06-02T10:35:52","slug":"ahh-ich-bleib-dann-mal-zu-hause","status":"publish","type":"post","link":"https:\/\/knoetchen.de\/?p=1072","title":{"rendered":"\u00c4hh&#8230; ich bleib dann mal zu Hause"},"content":{"rendered":"<p>Also eigentlich wollte ich heute, w\u00e4hrend Basti in Wedel weilt, mit dem Kind einen neuen Ball kaufen gehen da ich den alten verschusselt habe. Im Babymarkt. In Wandsbek. In der Brauhausstra\u00dfe.<\/p>\n<p>Ich denke, ich lass das mal bleiben. Die Route der heutigen Neonazikundgebung l\u00e4uft zweimal dort vorbei. Die Antifa-Gegenkundgebung am Wandsbek Markt (5 Minuten fu\u00dfl\u00e4ufig) wurde von der Polizei eingekesselt. Vom Norden r\u00fccken weitere Gegendemonstranten in Richtung Kundgebungsroute vor, um diese zu blockieren. Die Polizei gibt sich alle M\u00fche, die Kundgebung zu sch\u00fctzen (ist es nicht furchtbar? Die m\u00fcssn ernsthaft die Rechten sch\u00fctzen, weil die Linken so bekloppt sind und gewalt\u00e4tig werden..) Am U-Bahnhof Dehnhaide stehen zwei Hundertschaften der Polizei inklusive zweier Wasserwerfen. Gerade eben habe ich im Schlafzimmer auch schon zwei Helikopter kreisen h\u00f6ren (die Nazikundgebung startet in einer dreiviertel Stunde in etwa 1 km Entfernung von hier, Wandsbek Markt sind 1,5 km..). St\u00e4ndig Tat\u00fctata im Hintergrund.<\/p>\n<p>DORT geh ich nicht freiwillig (mit Kind schon gar nicht) hin! Da halten mich die Linken f\u00fcr nen Nazi und die Nazis f\u00fcr nen Linken.<br \/>\nInnenstadt ist auch eher mau, da ist auch eine gro\u00dfe Gegendemonstration mit 5000 Leuten. Aber vermutlich sind die weniger gewaltbereit (sonst w\u00e4ren sie nach Wandsbek gegangen..)<\/p>\n<p>Slogan der Antifa \u00fcbrigens: &#8222;Auf allen Ebenen, mit allen Mitteln&#8220;<\/p>\n<p>Ich bin auch gegen rechte Propaganda.. aber der Spruch h\u00e4tte nicht sein m\u00fcssen, Jungs. Alle Mittel sind die falschen. Demokratie sollte das Mittel der Wahl sein. Auseinandersetzung mit ihren Thesen, aufzeigen wie wenig das zielf\u00fchrend ist, was sie wirklich wollen. Aufkl\u00e4rung der Bev\u00f6lkerung.. aber Gewalt? Nonono!<\/p>\n<p>Vielleicht sollte ich nach Billstedt gehen. Die Nazis trauen sich da nicht hin, weil sie dort von den Jungs mit Migrationshintergrund .. und die Linken gehen nicht hin, weil keine Rechten da sind.<\/p>\n<p>kleines Update:<br \/>\nIch habe hier einen Twitteraccount von den Gegendemonstranten. <a href=\"https:\/\/twitter.com\/#!\/nazisblockieren\">https:\/\/twitter.com\/#!\/nazisblockieren<\/a><br \/>\nDer Witz ist ja, ich finde irgendwie, dass die sich selbst ins Abseits stellen.. brennende Barrikaden(?!), etliche In-Gewahrsam-Nahmen. Und alles bevor die Demo \u00fcberhaupt losgeht (aktuell T-10 Minuten). Da steht man als liberaler B\u00fcrger daneben und kann sich nur noch fragen, wo der Sinn darin liegt.<\/p>\n<p><a href=\"http:\/\/www.sueddeutsche.de\/politik\/neonazi-demonstration-krawalle-in-hamburg-befuerchtet-1.1372697\">http:\/\/www.sueddeutsche.de\/politik\/neonazi-demonstration-krawalle-in-hamburg-befuerchtet-1.1372697<\/a><\/p>\n","protected":false},"excerpt":{"rendered":"<p>Also eigentlich wollte ich heute, w\u00e4hrend Basti in Wedel weilt, mit dem Kind einen neuen Ball kaufen gehen da ich den alten verschusselt habe. Im Babymarkt. In Wandsbek. In der Brauhausstra\u00dfe. Ich denke, ich lass das mal bleiben. Die Route der heutigen Neonazikundgebung l\u00e4uft zweimal dort vorbei. Die Antifa-Gegenkundgebung am Wandsbek Markt (5 Minuten fu\u00dfl\u00e4ufig) [&hellip;]<\/p>\n","protected":false},"author":2,"featured_media":0,"comment_status":"open","ping_status":"open","sticky":false,"template":"","format":"standard","meta":[],"categories":[3],"tags":[69],"_links":{"self":[{"href":"https:\/\/knoetchen.de\/index.php?rest_route=\/wp\/v2\/posts\/1072"}],"collection":[{"href":"https:\/\/knoetchen.de\/index.php?rest_route=\/wp\/v2\/posts"}],"about":[{"href":"https:\/\/knoetchen.de\/index.php?rest_route=\/wp\/v2\/types\/post"}],"author":[{"embeddable":true,"href":"https:\/\/knoetchen.de\/index.php?rest_route=\/wp\/v2\/users\/2"}],"replies":[{"embeddable":true,"href":"https:\/\/knoetchen.de\/index.php?rest_route=%2Fwp%2Fv2%2Fcomments&post=1072"}],"version-history":[{"count":7,"href":"https:\/\/knoetchen.de\/index.php?rest_route=\/wp\/v2\/posts\/1072\/revisions"}],"predecessor-version":[{"id":1079,"href":"https:\/\/knoetchen.de\/index.php?rest_route=\/wp\/v2\/posts\/1072\/revisions\/1079"}],"wp:attachment":[{"href":"https:\/\/knoetchen.de\/index.php?rest_route=%2Fwp%2Fv2%2Fmedia&parent=1072"}],"wp:term":[{"taxonomy":"category","embeddable":true,"href":"https:\/\/knoetchen.de\/index.php?rest_route=%2Fwp%2Fv2%2Fcategories&post=1072"},{"taxonomy":"post_tag","embeddable":true,"href":"https:\/\/knoetchen.de\/index.php?rest_route=%2Fwp%2Fv2%2Ftags&post=1072"}],"curies":[{"name":"wp","href":"https:\/\/api.w.org\/{rel}","templated":true}]}}