{"id":102,"date":"2011-09-28T20:12:30","date_gmt":"2011-09-28T18:12:30","guid":{"rendered":"http:\/\/knoetchen.de\/?p=102"},"modified":"2011-09-28T22:10:21","modified_gmt":"2011-09-28T20:10:21","slug":"frida","status":"publish","type":"post","link":"https:\/\/knoetchen.de\/?p=102","title":{"rendered":"Frida"},"content":{"rendered":"<p>Man sieht sich im Leben immer zweimal.<\/p>\n<p>Frida habe ich zum ersten Mal in der KiTa getroffen. Sie war da in der Krippengruppe, die wir besichtigt haben und blieb mir im Ged\u00e4chtnis h\u00e4ngen aufgrund ihres h\u00fcbschen Namens, der blonden Locken, und des niedlichen L\u00e4chelns. Sie ist sehr s\u00fc\u00df. <\/p>\n<p>Heute auf dem Spielplatz habe ich sie zum zweiten Mal getroffen und sie gleich wiedererkannt. Au\u00dferdem war auch ihr Bruder Emil da, ihr Vater und ihre Mutter &#8211; so konnte ich \u00fcber die Kita, in die Annika kommt, gleich etwas schwatzen.. <\/p>\n<p>Frida war auch wieder sehr, sehr s\u00fc\u00df und hat mir den Tag gerettet:<\/p>\n<p><strong>Frida<\/strong> (zu Annika): Wie hei\u00dft er?<br \/>\n<strong>Ich<\/strong>: <em>Das ist ein M\u00e4dchen. Sie hei\u00dft Annika.<\/em><br \/>\n<strong>Frida<\/strong>: Ist er ein Junge?<br \/>\n<strong>Ich<\/strong>: <em>Nein, sie ist ein M\u00e4dchen.<\/em><br \/>\n<strong>Frida<\/strong>: Hat sie eine Scheide?<br \/>\n<strong>Ich:<\/strong><em> <del datetime=\"2011-09-28T19:48:27+00:00\">???<\/del><\/em><br \/>\n<strong>Ich<\/strong>: <em><del datetime=\"2011-09-28T19:48:27+00:00\">Achsooooo!<\/del> Ja, hat sie. Wie alle M\u00e4dchen.<\/em><br \/>\n<strong>Frida<\/strong> (stolz): Ich hab auch eine Scheide.<br \/>\n<strong>Ich<\/strong>: <em>Ja, du bist ja auch ein M\u00e4dchen.<\/em><br \/>\n<strong>Frida<\/strong>: Meine Mama hat auch eine Scheide.<br \/>\n<strong>Ich<\/strong>: <em>Ja, das stimmt. Deine Mama auch.<\/em><br \/>\n<strong>Frida<\/strong>: Aber mein Papa hat einen Penis.<br \/>\n<strong>Ich<\/strong>:<em> Genau.<\/em><br \/>\n<strong>Frida<\/strong> (rutscht los)<\/p>\n<p>Puh, ich hoffe, ich hab mich nicht zu d\u00e4mlich angestellt. Musste n\u00e4mlich die ganze Zeit ein Grinsen unterdr\u00fccken.. sie ist einfach zu s\u00fc\u00df, die Frida.<\/p>\n","protected":false},"excerpt":{"rendered":"<p>Man sieht sich im Leben immer zweimal. Frida habe ich zum ersten Mal in der KiTa getroffen. Sie war da in der Krippengruppe, die wir besichtigt haben und blieb mir im Ged\u00e4chtnis h\u00e4ngen aufgrund ihres h\u00fcbschen Namens, der blonden Locken, und des niedlichen L\u00e4chelns. Sie ist sehr s\u00fc\u00df. Heute auf dem Spielplatz habe ich sie [&hellip;]<\/p>\n","protected":false},"author":2,"featured_media":0,"comment_status":"open","ping_status":"open","sticky":false,"template":"","format":"standard","meta":[],"categories":[3,19],"tags":[15,79],"_links":{"self":[{"href":"https:\/\/knoetchen.de\/index.php?rest_route=\/wp\/v2\/posts\/102"}],"collection":[{"href":"https:\/\/knoetchen.de\/index.php?rest_route=\/wp\/v2\/posts"}],"about":[{"href":"https:\/\/knoetchen.de\/index.php?rest_route=\/wp\/v2\/types\/post"}],"author":[{"embeddable":true,"href":"https:\/\/knoetchen.de\/index.php?rest_route=\/wp\/v2\/users\/2"}],"replies":[{"embeddable":true,"href":"https:\/\/knoetchen.de\/index.php?rest_route=%2Fwp%2Fv2%2Fcomments&post=102"}],"version-history":[{"count":7,"href":"https:\/\/knoetchen.de\/index.php?rest_route=\/wp\/v2\/posts\/102\/revisions"}],"predecessor-version":[{"id":119,"href":"https:\/\/knoetchen.de\/index.php?rest_route=\/wp\/v2\/posts\/102\/revisions\/119"}],"wp:attachment":[{"href":"https:\/\/knoetchen.de\/index.php?rest_route=%2Fwp%2Fv2%2Fmedia&parent=102"}],"wp:term":[{"taxonomy":"category","embeddable":true,"href":"https:\/\/knoetchen.de\/index.php?rest_route=%2Fwp%2Fv2%2Fcategories&post=102"},{"taxonomy":"post_tag","embeddable":true,"href":"https:\/\/knoetchen.de\/index.php?rest_route=%2Fwp%2Fv2%2Ftags&post=102"}],"curies":[{"name":"wp","href":"https:\/\/api.w.org\/{rel}","templated":true}]}}