{"id":1013,"date":"2012-05-25T11:38:32","date_gmt":"2012-05-25T09:38:32","guid":{"rendered":"http:\/\/knoetchen.de\/?p=1013"},"modified":"2012-05-25T12:44:49","modified_gmt":"2012-05-25T10:44:49","slug":"allergikerkind","status":"publish","type":"post","link":"https:\/\/knoetchen.de\/?p=1013","title":{"rendered":"Allergikerkind"},"content":{"rendered":"<p>Annika ist Kind von Allergikern.<\/p>\n<p>Ich habe Heuschnupfen, reagiere mutma\u00dflich auf Birke und Gr\u00e4serpollen, vielleicht auch Erle. Genau wei\u00df ich es nicht, eine Typisierung w\u00fcrde mir auch nicht weiterhelfen, da ich ohnehin keine Hyposensibilisierung machen kann (und es gibt wahrlich nicht viele Gegenanzeigen dazu -.-). Dar\u00fcber hinaus habe ich eine ungl\u00fcckliche Kreuzallergie gegen praktisch jedes Steinobst, die ich allerdings geflissentlich ignoriere: Mein Risiko &#8211; mein Obst ^^.<\/p>\n<p>MbH hingegen ist noch allergischer. Man m\u00f6chte fast sagen, er ist gegen alles allergisch was irgendwie lebt. N\u00fcsse, Obst (wirklich fast alles..), Birke, Gr\u00e4ser, Raps, Hasel &#8211; ich habe bestimmt die H\u00e4lfte vergessen. Au\u00dferdem Hausstaub. Mittlerweile ist er auch stolzer *hust* Tr\u00e4ger eines allergischen Asthma. Wenn man Basti umbringen will, setzt man ihn am Besten gefesselt und geknebelt auf einer bl\u00fchenden Sommerwiese aus. \ud83d\ude00<br \/>\nAufgrund der starken Allergie hat er in diesem Winter trotz seines stolzen Alters *h\u00f6h\u00f6* noch einmal eine  Hyposensibilisierung angefangen.<br \/>\n<!--more--><\/p>\n<p>Wir k\u00f6nnen rechnen. Die Wahrscheinlichkeit, dass unser Kind die eine oder andere Allergie mitbekommen hat, liegt irgendwo bei 100%. Obwohl man von Wahrscheinlichkeit nicht mehr sprechen sollte. Heute morgen ging es mir pl\u00f6tzlich auf: Mein Kind hat gerade irgendeine *hierbeliebigesschimpfworteinsetzen* Allergie. Und das kam so: Seit ihrer Bindehautentz\u00fcndung verkleben ihre Augen immer noch. Jeden Morgen ist mindestens ein Auge verklebt. Ich wasche das immer vorsichtig mit warmen Wasser aus, danach passiert nichts mehr. Bis auf eine leichte R\u00f6tung zwischen Auge und Nasenr\u00fccken. Und zu jucken scheint es ein wenig. Ich kann mir nicht helfen, aber f\u00fcr mich sieht das schlicht allergisch aus&#8230; <\/p>\n<p>Halten wir also mal fest, was gerade an Pollen so fliegt:<br \/>\nAmpfer<br \/>\nEiche<br \/>\nRoggen<br \/>\nGr\u00e4ser<\/p>\n<p>Hmm&#8230; Gr\u00e4ser? Treffer und versenkt?<\/p>\n<p>Wie gut, dass ich n\u00e4chste Woche eh zur Impfung wollte&#8230; da kann ich den Kinderarzt ja gleich auch damit bel\u00e4stigen.<br \/>\nAu\u00dferdem wird hier ab sofort die Bettw\u00e4sche halbw\u00f6chig gewechselt. Wir haben ja Zeit \ud83d\ude09<\/p>\n","protected":false},"excerpt":{"rendered":"<p>Annika ist Kind von Allergikern. Ich habe Heuschnupfen, reagiere mutma\u00dflich auf Birke und Gr\u00e4serpollen, vielleicht auch Erle. Genau wei\u00df ich es nicht, eine Typisierung w\u00fcrde mir auch nicht weiterhelfen, da ich ohnehin keine Hyposensibilisierung machen kann (und es gibt wahrlich nicht viele Gegenanzeigen dazu -.-). Dar\u00fcber hinaus habe ich eine ungl\u00fcckliche Kreuzallergie gegen praktisch jedes [&hellip;]<\/p>\n","protected":false},"author":2,"featured_media":0,"comment_status":"open","ping_status":"open","sticky":false,"template":"","format":"standard","meta":[],"categories":[9,44],"tags":[17,36],"_links":{"self":[{"href":"https:\/\/knoetchen.de\/index.php?rest_route=\/wp\/v2\/posts\/1013"}],"collection":[{"href":"https:\/\/knoetchen.de\/index.php?rest_route=\/wp\/v2\/posts"}],"about":[{"href":"https:\/\/knoetchen.de\/index.php?rest_route=\/wp\/v2\/types\/post"}],"author":[{"embeddable":true,"href":"https:\/\/knoetchen.de\/index.php?rest_route=\/wp\/v2\/users\/2"}],"replies":[{"embeddable":true,"href":"https:\/\/knoetchen.de\/index.php?rest_route=%2Fwp%2Fv2%2Fcomments&post=1013"}],"version-history":[{"count":5,"href":"https:\/\/knoetchen.de\/index.php?rest_route=\/wp\/v2\/posts\/1013\/revisions"}],"predecessor-version":[{"id":1018,"href":"https:\/\/knoetchen.de\/index.php?rest_route=\/wp\/v2\/posts\/1013\/revisions\/1018"}],"wp:attachment":[{"href":"https:\/\/knoetchen.de\/index.php?rest_route=%2Fwp%2Fv2%2Fmedia&parent=1013"}],"wp:term":[{"taxonomy":"category","embeddable":true,"href":"https:\/\/knoetchen.de\/index.php?rest_route=%2Fwp%2Fv2%2Fcategories&post=1013"},{"taxonomy":"post_tag","embeddable":true,"href":"https:\/\/knoetchen.de\/index.php?rest_route=%2Fwp%2Fv2%2Ftags&post=1013"}],"curies":[{"name":"wp","href":"https:\/\/api.w.org\/{rel}","templated":true}]}}